{"id":914,"date":"2020-10-15T16:39:29","date_gmt":"2020-10-15T14:39:29","guid":{"rendered":"https:\/\/ambankara.esteri.it\/news\/dall_ambasciata\/2020\/10\/design-scholarship-competition-2\/"},"modified":"2020-10-15T16:39:29","modified_gmt":"2020-10-15T14:39:29","slug":"design-scholarship-competition-2","status":"publish","type":"post","link":"https:\/\/ambankara.esteri.it\/tr\/news\/dall_ambasciata\/2020\/10\/design-scholarship-competition-2\/","title":{"rendered":"Design Scholarship Competition \u201cDesigning Imagination&#8221;"},"content":{"rendered":"<p style=\"text-align: justify;\">IED \u2013 European Design Institute, T\u00fcrkiye\u2019deki \u0130talya B\u00fcy\u00fckel\u00e7ili\u011fi, \u0130stanbul \u0130talya Ba\u015fkonsoloslu\u011fu, \u0130zmir \u0130talya Konsoloslu\u011fu \u0130stanbul \u0130talyan K\u00fclt\u00fcr Merkezi, Y\u0131ld\u0131z Teknik \u00dcniversitesi ve \u0130stanbul Tasar\u0131m Bienali i\u015fbirli\u011finde, T\u00fcrkiye 2020 \u0130talyan Tasar\u0131m g\u00fcnleri \u00e7er\u00e7evesinde ger\u00e7ekle\u015ftirilecek olan \u201cDesigning Imagination\u201d ba\u015fl\u0131kl\u0131 Burslu Tasar\u0131m Yar\u0131\u015fmas\u0131n\u0131 sunmaktan mutluluk duyar.<\/p>\n<p>Yar\u0131\u015fma, T\u00fcrkiye\u2019de yasal olarak ikamet eden ve 2021\/22 y\u0131l\u0131nda 1 d\u00f6nemlik bir burs kazanmak i\u00e7in (<a href=\"https:\/\/www.facebook.com\/iedmilan\/?__cft__[0]=AZWzwrXiCK1ZMq8yqLV4Nb9yPuJTqTZXI-JVXgl21mPReRcRY27iOPp8tjMyRYIfq7sOomLOwpw9tWxsqVvhdKDKwOtIbt0pC29FL0iGcOlDCigsyD6jMARM40KltlQ4PFGz2tNh493pCG-3P7GHAm2hARekY_jvs9mO4qoses_3e-F820aqnYlK2fuxNxAYyQA&#038;__tn__=kK-R\">IED Milano <\/a>\/ <a href=\"https:\/\/www.facebook.com\/IEDFirenze\/?__cft__[0]=AZWzwrXiCK1ZMq8yqLV4Nb9yPuJTqTZXI-JVXgl21mPReRcRY27iOPp8tjMyRYIfq7sOomLOwpw9tWxsqVvhdKDKwOtIbt0pC29FL0iGcOlDCigsyD6jMARM40KltlQ4PFGz2tNh493pCG-3P7GHAm2hARekY_jvs9mO4qoses_3e-F820aqnYlK2fuxNxAYyQA&#038;__tn__=kK-R\">IED Firenze<\/a>) s\u00fcrd\u00fcr\u00fclebilir bir tasar\u0131m ortaya koyan t\u00fcm \u00f6\u011frenci ve tasar\u0131mc\u0131lar\u0131n (18 ya\u015f \u00fcst\u00fc) kat\u0131l\u0131m\u0131na a\u00e7\u0131kt\u0131r.<\/p>\n<p>Haberleri takip edin, \u0130talyan Tasar\u0131m G\u00fcnleri ve \u0130stanbul Tasar\u0131m Bienali\u2019nin \u00e7evrimi\u00e7i etkinliklerine kat\u0131l\u0131n ve \u0130talya\u2019da %100\u2019l\u00fck bir tasar\u0131m bursu kazanma \u015fans\u0131n\u0131 yakalay\u0131n.<\/p>\n<p style=\"text-align: justify;\">\u00a0<\/p>\n<p><a href=\"https:\/\/www.ied.edu\/uncategorized\/blog\/ied-in-turkey-at-italian-design-day-2020\/67572?campaignId=70169000002B8jw&#038;utm_source=italiandesignday&#038;utm_medium=facebook&#038;utm_campaign=2122_gruppo_estero_b_bds_turchia&#038;utm_content=post&#038;fbclid=IwAR38FjWrWCi2JKoJ6Zr9WUMKbPeRLbjayvxBkQ7Ujez2mBVH_cLBNiDpcfc\">Click here to visit\u00a0IED in Turkey at Italian Design Day 2020<\/a><\/p>\n<p style=\"text-align: justify;\">\u00a0<\/p>\n","protected":false},"excerpt":{"rendered":"IED \u2013 European Design Institute, T\u00fcrkiye\u2019deki \u0130talya B\u00fcy\u00fckel\u00e7ili\u011fi, \u0130stanbul \u0130talya Ba\u015fkonsoloslu\u011fu, \u0130zmir \u0130talya Konsoloslu\u011fu \u0130stanbul \u0130talyan K\u00fclt\u00fcr Merkezi, Y\u0131ld\u0131z Teknik \u00dcniversitesi ve \u0130stanbul Tasar\u0131m Bienali i\u015fbirli\u011finde, T\u00fcrkiye 2020 \u0130talyan Tasar\u0131m g\u00fcnleri \u00e7er\u00e7evesinde ger\u00e7ekle\u015ftirilecek olan \u201cDesigning Imagination\u201d ba\u015fl\u0131kl\u0131 Burslu Tasar\u0131m Yar\u0131\u015fmas\u0131n\u0131 sunmaktan mutluluk duyar. Yar\u0131\u015fma, T\u00fcrkiye\u2019de yasal olarak ikamet eden ve 2021\/22 y\u0131l\u0131nda 1 d\u00f6nemlik bir [&hellip;]","protected":false},"author":1,"featured_media":0,"comment_status":"","ping_status":"","sticky":false,"template":"","format":"standard","meta":{"footnotes":""},"tags":[],"class_list":["post-914","post","type-post","status-publish","format-standard","hentry"],"_links":{"self":[{"href":"https:\/\/ambankara.esteri.it\/tr\/wp-json\/wp\/v2\/posts\/914","targetHints":{"allow":["GET"]}}],"collection":[{"href":"https:\/\/ambankara.esteri.it\/tr\/wp-json\/wp\/v2\/posts"}],"about":[{"href":"https:\/\/ambankara.esteri.it\/tr\/wp-json\/wp\/v2\/types\/post"}],"author":[{"embeddable":true,"href":"https:\/\/ambankara.esteri.it\/tr\/wp-json\/wp\/v2\/users\/1"}],"replies":[{"embeddable":true,"href":"https:\/\/ambankara.esteri.it\/tr\/wp-json\/wp\/v2\/comments?post=914"}],"version-history":[{"count":0,"href":"https:\/\/ambankara.esteri.it\/tr\/wp-json\/wp\/v2\/posts\/914\/revisions"}],"wp:attachment":[{"href":"https:\/\/ambankara.esteri.it\/tr\/wp-json\/wp\/v2\/media?parent=914"}],"wp:term":[{"taxonomy":"post_tag","embeddable":true,"href":"https:\/\/ambankara.esteri.it\/tr\/wp-json\/wp\/v2\/tags?post=914"}],"curies":[{"name":"wp","href":"https:\/\/api.w.org\/{rel}","templated":true}]}}