{"id":857,"date":"2021-01-07T09:24:53","date_gmt":"2021-01-07T08:24:53","guid":{"rendered":"https:\/\/ambankara.esteri.it\/news\/dall_ambasciata\/2021\/01\/giornata-nazionale-della-bandiera-2\/"},"modified":"2021-01-07T09:24:53","modified_gmt":"2021-01-07T08:24:53","slug":"giornata-nazionale-della-bandiera-2","status":"publish","type":"post","link":"https:\/\/ambankara.esteri.it\/tr\/news\/dall_ambasciata\/2021\/01\/giornata-nazionale-della-bandiera-2\/","title":{"rendered":"Ulusal Bayrak G\u00fcn\u00fc"},"content":{"rendered":"<p>\u0130talyan \u00fc\u00e7 renkli bayra\u011f\u0131, Devletimizin olu\u015ftu\u011fu 1861 y\u0131l\u0131ndan daha da \u00f6ncesinde, ulusal bayrak olarak ilk defa 7 Ocak 1797 y\u0131l\u0131nda Reggio Emilia kentinde kullan\u0131lm\u0131\u015ft\u0131r. Fransa\u2019n\u0131n \u00fc\u00e7 renkli ile \u00fc\u00e7 \u201cdikey \u015feritli\u201d modelinden esinlenerek, bu bayrak, Napolyon\u2019un \u0130talya seferleri kapsam\u0131nda olu\u015fturulan bir\u00e7ok ayr\u0131 k\u00fc\u00e7\u00fck Cumhuriyet taraf\u0131ndan benimsenmi\u015ftir. Zira s\u00f6z konusu \u00fc\u00e7 renk (k\u0131rm\u0131z\u0131, beyaz, ye\u015fil), erken \u0130talyan \u201cmilli duygusunun\u201d ortaya \u00e7\u0131kmaya ba\u015flad\u0131\u011f\u0131 Kuzey \u0130talya\u2019n\u0131n t\u00fcm topraklar\u0131nda benzer anlamlar\u0131 ta\u015f\u0131yordu.<\/p>\n<p>Viyana Kongresi\u2019ni takip eden otuz y\u0131l boyunca, yeni do\u011fan bu Cumhuriyetler ba\u011f\u0131ms\u0131zl\u0131klar\u0131n\u0131 kaybettik\u00e7e, \u00fc\u00e7 renkli sancak da ortadan kaybolmu\u015ftu. Ancak daha sonra, 1831\u2019deki ayaklanmalardan ba\u015flayarak, b\u00fct\u00fcn \u0130talyan topraklar\u0131nda ortak bir milli duygusunun y\u00fckselmesine katk\u0131da bulunan t\u00fcm m\u00fcteakip isyanlarda, \u00fc\u00e7 renkli bayrak, \u00f6zg\u00fcrl\u00fc\u011f\u00fcn bir amblemi olarak yeniden kullan\u0131lmaya ba\u015flanm\u0131\u015ft\u0131r.<\/p>\n<p>Bahse ge\u00e7en \u00fc\u00e7 renge, g\u00fcn\u00fcm\u00fczde \u0130talya\u2019n\u0131n milli mar\u015f\u0131 olan, Goffredo Mameli\u2019nin \u201c\u0130talyanlar\u0131n \u015eark\u0131s\u0131\u201dnda da at\u0131fta bulunulmaktad\u0131r.<\/p>\n<p>\u0130talya Krall\u0131\u011f\u0131, ilan edildi\u011fi 17 Mart 1861 tarihinden beri \u00fc\u00e7 rengi olan bayra\u011f\u0131 resmi olarak kullanmaya ba\u015flam\u0131\u015ft\u0131r. Ancak milli ve Devlet bayra\u011f\u0131n\u0131n \u00f6zellikleri, sadece 1925 y\u0131l\u0131nda ve Savoya Hanedan\u0131\u2019n\u0131n armas\u0131 eklenerek kanunen belirlenmi\u015ftir. Cumhuriyetimizin ilan edildi\u011fi 1946 y\u0131l\u0131nda ise, o g\u00fcnden bu g\u00fcne \u0130talya\u2019n\u0131n evlerinden ve saraylar\u0131ndan dalgalanan bayra\u011f\u0131n g\u00fcncel hali d\u00fczenlenmi\u015ftir.<\/p>\n","protected":false},"excerpt":{"rendered":"\u0130talyan \u00fc\u00e7 renkli bayra\u011f\u0131, Devletimizin olu\u015ftu\u011fu 1861 y\u0131l\u0131ndan daha da \u00f6ncesinde, ulusal bayrak olarak ilk defa 7 Ocak 1797 y\u0131l\u0131nda Reggio Emilia kentinde kullan\u0131lm\u0131\u015ft\u0131r. Fransa\u2019n\u0131n \u00fc\u00e7 renkli ile \u00fc\u00e7 \u201cdikey \u015feritli\u201d modelinden esinlenerek, bu bayrak, Napolyon\u2019un \u0130talya seferleri kapsam\u0131nda olu\u015fturulan bir\u00e7ok ayr\u0131 k\u00fc\u00e7\u00fck Cumhuriyet taraf\u0131ndan benimsenmi\u015ftir. Zira s\u00f6z konusu \u00fc\u00e7 renk (k\u0131rm\u0131z\u0131, beyaz, ye\u015fil), erken [&hellip;]","protected":false},"author":1,"featured_media":0,"comment_status":"","ping_status":"","sticky":false,"template":"","format":"standard","meta":{"footnotes":""},"tags":[],"class_list":["post-857","post","type-post","status-publish","format-standard","hentry"],"_links":{"self":[{"href":"https:\/\/ambankara.esteri.it\/tr\/wp-json\/wp\/v2\/posts\/857","targetHints":{"allow":["GET"]}}],"collection":[{"href":"https:\/\/ambankara.esteri.it\/tr\/wp-json\/wp\/v2\/posts"}],"about":[{"href":"https:\/\/ambankara.esteri.it\/tr\/wp-json\/wp\/v2\/types\/post"}],"author":[{"embeddable":true,"href":"https:\/\/ambankara.esteri.it\/tr\/wp-json\/wp\/v2\/users\/1"}],"replies":[{"embeddable":true,"href":"https:\/\/ambankara.esteri.it\/tr\/wp-json\/wp\/v2\/comments?post=857"}],"version-history":[{"count":0,"href":"https:\/\/ambankara.esteri.it\/tr\/wp-json\/wp\/v2\/posts\/857\/revisions"}],"wp:attachment":[{"href":"https:\/\/ambankara.esteri.it\/tr\/wp-json\/wp\/v2\/media?parent=857"}],"wp:term":[{"taxonomy":"post_tag","embeddable":true,"href":"https:\/\/ambankara.esteri.it\/tr\/wp-json\/wp\/v2\/tags?post=857"}],"curies":[{"name":"wp","href":"https:\/\/api.w.org\/{rel}","templated":true}]}}