{"id":7765,"date":"2026-04-30T16:54:39","date_gmt":"2026-04-30T14:54:39","guid":{"rendered":"https:\/\/ambankara.esteri.it\/news\/dall_ambasciata\/2026\/04\/le-nozze-di-figaro\/"},"modified":"2026-04-30T17:03:08","modified_gmt":"2026-04-30T15:03:08","slug":"le-nozze-di-figaro","status":"publish","type":"post","link":"https:\/\/ambankara.esteri.it\/tr\/news\/dall_ambasciata\/2026\/04\/le-nozze-di-figaro\/","title":{"rendered":"Figaro\u2019nun D\u00fc\u011f\u00fcn\u00fc"},"content":{"rendered":"<p style=\"text-align: justify;\">\u0130talya B\u00fcy\u00fckel\u00e7ili\u011fi, \u00fcnl\u00fc opera eseri \u201cFigaro\u2019nun D\u00fc\u011f\u00fcn\u00fc\u201dn\u00fc (W. A. Mozart) \u00f6zel bir konser versiyonuyla sunuyor.<\/p>\n<p style=\"text-align: justify;\">6 May\u0131s 2026 saat 20.30\u2019da, Sevda-Cenap And M\u00fczik Vakf\u0131 ve Ankara Devlet Opera ve Balesi i\u015fbirli\u011fiyle, operan\u0131n en sevilen aryalar\u0131 piyanolu konser format\u0131nda Opera Sahnesi\u2019nde seslendirilecek.<\/p>\n<p style=\"text-align: justify;\">Konserde, Tullio Serafin \u015ean Yar\u0131\u015fmas\u0131\u2019n\u0131n kazananlar\u0131 olan gen\u00e7 ve yetenekli solistler sahne alacak: Erica Artina (Almaviva Kontesi), Claudia Mavilia (Susanna), Ignas Melnikas (Figaro), Said Gobechiya (Almaviva Kontu), Elisabetta Ricci (Cherubino), Huigang Liu (Bartolo ve Antonio) ve Giovanni Petrini (Don Basilio). Sanat\u00e7\u0131lara piyanoda Marcos Madrigal e\u015flik edecek.<\/p>\n<p style=\"text-align: justify;\">Konserin sanat y\u00f6netmenli\u011fini, Vicenza in Lirica festivalinin sanat y\u00f6netmeni ve Concetto Armonico&#8217;nun ba\u015fkan\u0131 Andrea Castello \u00fcstleniyor.<\/p>\n","protected":false},"excerpt":{"rendered":"\u0130talya B\u00fcy\u00fckel\u00e7ili\u011fi, \u00fcnl\u00fc opera eseri \u201cFigaro\u2019nun D\u00fc\u011f\u00fcn\u00fc\u201dn\u00fc (W. A. Mozart) \u00f6zel bir konser versiyonuyla sunuyor. 6 May\u0131s 2026 saat 20.30\u2019da, Sevda-Cenap And M\u00fczik Vakf\u0131 ve Ankara Devlet Opera ve Balesi i\u015fbirli\u011fiyle, operan\u0131n en sevilen aryalar\u0131 piyanolu konser format\u0131nda Opera Sahnesi\u2019nde seslendirilecek. Konserde, Tullio Serafin \u015ean Yar\u0131\u015fmas\u0131\u2019n\u0131n kazananlar\u0131 olan gen\u00e7 ve yetenekli solistler sahne alacak: Erica [&hellip;]","protected":false},"author":10,"featured_media":7757,"comment_status":"closed","ping_status":"closed","sticky":false,"template":"","format":"standard","meta":{"footnotes":""},"tags":[13],"class_list":["post-7765","post","type-post","status-publish","format-standard","has-post-thumbnail","hentry","tag-diplomazia-culturale"],"_links":{"self":[{"href":"https:\/\/ambankara.esteri.it\/tr\/wp-json\/wp\/v2\/posts\/7765","targetHints":{"allow":["GET"]}}],"collection":[{"href":"https:\/\/ambankara.esteri.it\/tr\/wp-json\/wp\/v2\/posts"}],"about":[{"href":"https:\/\/ambankara.esteri.it\/tr\/wp-json\/wp\/v2\/types\/post"}],"author":[{"embeddable":true,"href":"https:\/\/ambankara.esteri.it\/tr\/wp-json\/wp\/v2\/users\/10"}],"replies":[{"embeddable":true,"href":"https:\/\/ambankara.esteri.it\/tr\/wp-json\/wp\/v2\/comments?post=7765"}],"version-history":[{"count":1,"href":"https:\/\/ambankara.esteri.it\/tr\/wp-json\/wp\/v2\/posts\/7765\/revisions"}],"predecessor-version":[{"id":7766,"href":"https:\/\/ambankara.esteri.it\/tr\/wp-json\/wp\/v2\/posts\/7765\/revisions\/7766"}],"wp:featuredmedia":[{"embeddable":true,"href":"https:\/\/ambankara.esteri.it\/tr\/wp-json\/wp\/v2\/media\/7757"}],"wp:attachment":[{"href":"https:\/\/ambankara.esteri.it\/tr\/wp-json\/wp\/v2\/media?parent=7765"}],"wp:term":[{"taxonomy":"post_tag","embeddable":true,"href":"https:\/\/ambankara.esteri.it\/tr\/wp-json\/wp\/v2\/tags?post=7765"}],"curies":[{"name":"wp","href":"https:\/\/api.w.org\/{rel}","templated":true}]}}