{"id":6912,"date":"2025-10-03T09:43:16","date_gmt":"2025-10-03T07:43:16","guid":{"rendered":"https:\/\/ambankara.esteri.it\/news\/dall_ambasciata\/2025\/10\/avviso-di-sponsorizzazione-per-la-collaborazione-per-il-giorno-dellunita-nazionale-e-giornata-delle-forze-armate-del-4-novembre-2025\/"},"modified":"2025-10-03T15:24:44","modified_gmt":"2025-10-03T13:24:44","slug":"avviso-di-sponsorizzazione-per-la-collaborazione-per-il-giorno-dellunita-nazionale-e-giornata-delle-forze-armate-del-4-novembre-2025","status":"publish","type":"post","link":"https:\/\/ambankara.esteri.it\/tr\/news\/dall_ambasciata\/2025\/10\/avviso-di-sponsorizzazione-per-la-collaborazione-per-il-giorno-dellunita-nazionale-e-giornata-delle-forze-armate-del-4-novembre-2025\/","title":{"rendered":"04 Kas\u0131m 2025 Ulusal Birlik ve Silahl\u0131 Kuvvetler G\u00fcn\u00fc i\u00e7in \u0130\u015fbirli\u011fi Sponsorlu\u011fu Duyurusu"},"content":{"rendered":"<p>\u0130talya B\u00fcy\u00fckel\u00e7ili\u011fi Ankara Savunma Ata\u015feli\u011fi, <strong>4 Kas\u0131m \u201cUlusal Birlik ve Silahl\u0131 Kuvvetler G\u00fcn\u00fc\u201d<\/strong> vesilesiyle bir etkinlik d\u00fczenlemeyi planlamaktad\u0131r.<\/p>\n<p>Ayr\u0131nt\u0131lar i\u00e7in l\u00fctfen ekteki duyuruyu inceleyiniz.<\/p>\n","protected":false},"excerpt":{"rendered":"\u0130talya B\u00fcy\u00fckel\u00e7ili\u011fi Ankara Savunma Ata\u015feli\u011fi, 4 Kas\u0131m \u201cUlusal Birlik ve Silahl\u0131 Kuvvetler G\u00fcn\u00fc\u201d vesilesiyle bir etkinlik d\u00fczenlemeyi planlamaktad\u0131r. Ayr\u0131nt\u0131lar i\u00e7in l\u00fctfen ekteki duyuruyu inceleyiniz.","protected":false},"author":10,"featured_media":0,"comment_status":"closed","ping_status":"closed","sticky":false,"template":"","format":"standard","meta":{"footnotes":""},"tags":[],"class_list":["post-6912","post","type-post","status-publish","format-standard","hentry"],"_links":{"self":[{"href":"https:\/\/ambankara.esteri.it\/tr\/wp-json\/wp\/v2\/posts\/6912","targetHints":{"allow":["GET"]}}],"collection":[{"href":"https:\/\/ambankara.esteri.it\/tr\/wp-json\/wp\/v2\/posts"}],"about":[{"href":"https:\/\/ambankara.esteri.it\/tr\/wp-json\/wp\/v2\/types\/post"}],"author":[{"embeddable":true,"href":"https:\/\/ambankara.esteri.it\/tr\/wp-json\/wp\/v2\/users\/10"}],"replies":[{"embeddable":true,"href":"https:\/\/ambankara.esteri.it\/tr\/wp-json\/wp\/v2\/comments?post=6912"}],"version-history":[{"count":3,"href":"https:\/\/ambankara.esteri.it\/tr\/wp-json\/wp\/v2\/posts\/6912\/revisions"}],"predecessor-version":[{"id":6928,"href":"https:\/\/ambankara.esteri.it\/tr\/wp-json\/wp\/v2\/posts\/6912\/revisions\/6928"}],"wp:attachment":[{"href":"https:\/\/ambankara.esteri.it\/tr\/wp-json\/wp\/v2\/media?parent=6912"}],"wp:term":[{"taxonomy":"post_tag","embeddable":true,"href":"https:\/\/ambankara.esteri.it\/tr\/wp-json\/wp\/v2\/tags?post=6912"}],"curies":[{"name":"wp","href":"https:\/\/api.w.org\/{rel}","templated":true}]}}