{"id":6840,"date":"2025-08-29T13:20:32","date_gmt":"2025-08-29T11:20:32","guid":{"rendered":"https:\/\/ambankara.esteri.it\/news\/dall_ambasciata\/2025\/08\/avviso-di-selezione-personale\/"},"modified":"2025-08-29T13:23:12","modified_gmt":"2025-08-29T11:23:12","slug":"avviso-di-selezione-personale","status":"publish","type":"post","link":"https:\/\/ambankara.esteri.it\/tr\/news\/dall_ambasciata\/2025\/08\/avviso-di-selezione-personale\/","title":{"rendered":"PERSONEL ALIMINA \u0130L\u0130\u015eK\u0130N RESM\u0130 \u0130LAN"},"content":{"rendered":"<p><a href=\"https:\/\/www.ice.it\/it\/mercati\/turchia\/avviso-di-selezione-personale-personel-alimina-iliskin-resmi-ilan\"><strong>ITA Istanbul OF\u0130S\u0130\u2019NDE S\u00dcRES\u0130Z \u0130\u015e S\u00d6ZLE\u015eMES\u0130 \u0130LE \u0130\u015eE ALINACAK B\u0130R (1)\u00a0PERSONELE \u0130L\u0130\u015eK\u0130N RESM\u0130 \u0130LAN<\/strong><\/a><\/p>\n","protected":false},"excerpt":{"rendered":"ITA Istanbul OF\u0130S\u0130\u2019NDE S\u00dcRES\u0130Z \u0130\u015e S\u00d6ZLE\u015eMES\u0130 \u0130LE \u0130\u015eE ALINACAK B\u0130R (1)\u00a0PERSONELE \u0130L\u0130\u015eK\u0130N RESM\u0130 \u0130LAN","protected":false},"author":9,"featured_media":0,"comment_status":"closed","ping_status":"closed","sticky":false,"template":"","format":"standard","meta":{"footnotes":""},"tags":[],"class_list":["post-6840","post","type-post","status-publish","format-standard","hentry"],"_links":{"self":[{"href":"https:\/\/ambankara.esteri.it\/tr\/wp-json\/wp\/v2\/posts\/6840","targetHints":{"allow":["GET"]}}],"collection":[{"href":"https:\/\/ambankara.esteri.it\/tr\/wp-json\/wp\/v2\/posts"}],"about":[{"href":"https:\/\/ambankara.esteri.it\/tr\/wp-json\/wp\/v2\/types\/post"}],"author":[{"embeddable":true,"href":"https:\/\/ambankara.esteri.it\/tr\/wp-json\/wp\/v2\/users\/9"}],"replies":[{"embeddable":true,"href":"https:\/\/ambankara.esteri.it\/tr\/wp-json\/wp\/v2\/comments?post=6840"}],"version-history":[{"count":1,"href":"https:\/\/ambankara.esteri.it\/tr\/wp-json\/wp\/v2\/posts\/6840\/revisions"}],"predecessor-version":[{"id":6843,"href":"https:\/\/ambankara.esteri.it\/tr\/wp-json\/wp\/v2\/posts\/6840\/revisions\/6843"}],"wp:attachment":[{"href":"https:\/\/ambankara.esteri.it\/tr\/wp-json\/wp\/v2\/media?parent=6840"}],"wp:term":[{"taxonomy":"post_tag","embeddable":true,"href":"https:\/\/ambankara.esteri.it\/tr\/wp-json\/wp\/v2\/tags?post=6840"}],"curies":[{"name":"wp","href":"https:\/\/api.w.org\/{rel}","templated":true}]}}