{"id":6817,"date":"2025-08-18T17:53:19","date_gmt":"2025-08-18T15:53:19","guid":{"rendered":"https:\/\/ambankara.esteri.it\/?p=6817"},"modified":"2025-08-19T16:57:31","modified_gmt":"2025-08-19T14:57:31","slug":"italya-turkiye-ve-libya-uclu-zirvesi-1-agustos-istanbul-basbakan-meloni-cumhurbaskani-erdogan-ve-basbakan-dibeybe-ile-gorustu","status":"publish","type":"post","link":"https:\/\/ambankara.esteri.it\/tr\/news\/dall_ambasciata\/2025\/08\/italya-turkiye-ve-libya-uclu-zirvesi-1-agustos-istanbul-basbakan-meloni-cumhurbaskani-erdogan-ve-basbakan-dibeybe-ile-gorustu\/","title":{"rendered":"\u0130talya, T\u00fcrkiye ve Libya \u00dc\u00e7l\u00fc Zirvesi (1 A\u011fustos, \u0130stanbul). Ba\u015fbakan Meloni, Cumhurba\u015fkan\u0131 Erdo\u011fan ve Ba\u015fbakan Dibeybe ile g\u00f6r\u00fc\u015ft\u00fc."},"content":{"rendered":"<p>\u0130STANBUL &#8211; 1 A\u011fustos. Ba\u015fbakan Giorgia Meloni, T\u00fcrkiye Cumhuriyeti Cumhurba\u015fkan\u0131 Recep Tayyip Erdo\u011fan ve Libya Ulusal Birlik H\u00fck\u00fbmeti Ba\u015fbakan\u0131 Abdulhamid<\/p>\n<p>ile \u00fc\u00e7l\u00fc bir g\u00f6r\u00fc\u015fme i\u00e7in \u0130stanbul&#8217;a gitti.<\/p>\n<p>G\u00f6r\u00fc\u015fmede, \u00fc\u00e7 lider, g\u00f6\u00e7 hareketlerinin y\u00f6netimi ba\u015fta olmak \u00fczere kar\u015f\u0131la\u015f\u0131lan ortak zorluklar\u0131n \u00fcstesinden gelmek i\u00e7in i\u015f birli\u011fini g\u00fc\u00e7lendirme konular\u0131n\u0131 ele ald\u0131.<\/p>\n<p>T\u00fcrkiye ile bu alanda elde edilen m\u00fckemmel sonu\u00e7lar\u0131 hat\u0131rlatan Ba\u015fbakan, edinilen deneyimleri Libya Ulusal Birlik H\u00fck\u00fbmeti\u2019nin g\u00f6\u00e7 alan\u0131ndaki faaliyetlerini destekleme y\u00f6n\u00fcnde kullanma f\u0131rsat\u0131n\u0131n alt\u0131n\u0131 \u00e7izdi.<\/p>\n<p>Bu ba\u011flamda Ba\u015fbakan Meloni, muhataplar\u0131yla uluslararas\u0131 insan ka\u00e7ak\u00e7\u0131l\u0131\u011f\u0131 su\u00e7 \u015febekeleriyle m\u00fccadele etme, d\u00fczensiz g\u00f6\u00e7 hareketlerin \u00f6nlenmesini iyile\u015ftirme ve Libya&#8217;n\u0131n maruz kald\u0131\u011f\u0131 g\u00f6\u00e7 bask\u0131s\u0131n\u0131 y\u00f6netmesine destek olma bak\u0131m\u0131ndan bir dizi eylem plan\u0131n\u0131 g\u00f6r\u00fc\u015ft\u00fc.<\/p>\n<p>Ba\u015fbakan ayr\u0131ca \u0130talya&#8217;n\u0131n Libya&#8217;n\u0131n istikrar\u0131na, birli\u011fine ve ba\u011f\u0131ms\u0131zl\u0131\u011f\u0131na olan taahh\u00fcd\u00fcn\u00fc ve Libya\u2019n\u0131n \u00f6nc\u00fcl\u00fc\u011f\u00fcnde, Birle\u015fmi\u015f Milletler\u2019in kolayla\u015ft\u0131r\u0131c\u0131l\u0131\u011f\u0131yla y\u00fcr\u00fct\u00fclen, se\u00e7imlere g\u00f6t\u00fcrecek bir siyasi s\u00fcrece deste\u011fini de yineledi.<\/p>\n<p>\u00dc\u00e7 lider, belirli bir zaman dilimi i\u00e7inde m\u00fc\u015ftereken at\u0131lacak somut ad\u0131mlar\u0131 belirlemek i\u00e7in teknik d\u00fczeyde \u00e7al\u0131\u015fmalar\u0131 derhal s\u00fcrd\u00fcrme konusunda mutab\u0131k kald\u0131.<\/p>\n<p>Palazzo Chigi&#8217;den Yap\u0131lan A\u00e7\u0131klama: <a href=\"https:\/\/www.governo.it\/en\/articolo\/trilateral-meeting-president-erdo-and-prime-minister-dabaiba\/29398\">Trilateral meeting with President Erdo\u011fan and Prime Minister Dabaiba | www.governo.it<\/a><\/p>\n","protected":false},"excerpt":{"rendered":"\u0130STANBUL &#8211; 1 A\u011fustos. Ba\u015fbakan Giorgia Meloni, T\u00fcrkiye Cumhuriyeti Cumhurba\u015fkan\u0131 Recep Tayyip Erdo\u011fan ve Libya Ulusal Birlik H\u00fck\u00fbmeti Ba\u015fbakan\u0131 Abdulhamid ile \u00fc\u00e7l\u00fc bir g\u00f6r\u00fc\u015fme i\u00e7in \u0130stanbul&#8217;a gitti. G\u00f6r\u00fc\u015fmede, \u00fc\u00e7 lider, g\u00f6\u00e7 hareketlerinin y\u00f6netimi ba\u015fta olmak \u00fczere kar\u015f\u0131la\u015f\u0131lan ortak zorluklar\u0131n \u00fcstesinden gelmek i\u00e7in i\u015f birli\u011fini g\u00fc\u00e7lendirme konular\u0131n\u0131 ele ald\u0131. T\u00fcrkiye ile bu alanda elde edilen m\u00fckemmel [&hellip;]","protected":false},"author":9,"featured_media":6805,"comment_status":"closed","ping_status":"closed","sticky":false,"template":"","format":"standard","meta":{"footnotes":""},"tags":[],"class_list":["post-6817","post","type-post","status-publish","format-standard","has-post-thumbnail","hentry"],"_links":{"self":[{"href":"https:\/\/ambankara.esteri.it\/tr\/wp-json\/wp\/v2\/posts\/6817","targetHints":{"allow":["GET"]}}],"collection":[{"href":"https:\/\/ambankara.esteri.it\/tr\/wp-json\/wp\/v2\/posts"}],"about":[{"href":"https:\/\/ambankara.esteri.it\/tr\/wp-json\/wp\/v2\/types\/post"}],"author":[{"embeddable":true,"href":"https:\/\/ambankara.esteri.it\/tr\/wp-json\/wp\/v2\/users\/9"}],"replies":[{"embeddable":true,"href":"https:\/\/ambankara.esteri.it\/tr\/wp-json\/wp\/v2\/comments?post=6817"}],"version-history":[{"count":3,"href":"https:\/\/ambankara.esteri.it\/tr\/wp-json\/wp\/v2\/posts\/6817\/revisions"}],"predecessor-version":[{"id":6824,"href":"https:\/\/ambankara.esteri.it\/tr\/wp-json\/wp\/v2\/posts\/6817\/revisions\/6824"}],"wp:featuredmedia":[{"embeddable":true,"href":"https:\/\/ambankara.esteri.it\/tr\/wp-json\/wp\/v2\/media\/6805"}],"wp:attachment":[{"href":"https:\/\/ambankara.esteri.it\/tr\/wp-json\/wp\/v2\/media?parent=6817"}],"wp:term":[{"taxonomy":"post_tag","embeddable":true,"href":"https:\/\/ambankara.esteri.it\/tr\/wp-json\/wp\/v2\/tags?post=6817"}],"curies":[{"name":"wp","href":"https:\/\/api.w.org\/{rel}","templated":true}]}}