{"id":6463,"date":"2025-06-17T16:01:48","date_gmt":"2025-06-17T14:01:48","guid":{"rendered":"https:\/\/ambankara.esteri.it\/?p=6463"},"modified":"2025-06-18T13:04:26","modified_gmt":"2025-06-18T11:04:26","slug":"italyan-yazlik-sinemasi-ankaraya-geri-donuyor","status":"publish","type":"post","link":"https:\/\/ambankara.esteri.it\/tr\/news\/dall_ambasciata\/2025\/06\/italyan-yazlik-sinemasi-ankaraya-geri-donuyor\/","title":{"rendered":"\u201c\u0130talyan Yazl\u0131k Sinemas\u0131\u201d Ankara&#8217;ya geri d\u00f6n\u00fcyor!"},"content":{"rendered":"<p>Cermodern M\u00fczesinde \u0130talya B\u00fcy\u00fckel\u00e7ili\u011fi, her y\u0131l halk\u0131n b\u00fcy\u00fck ilgiyle bekledi\u011fi \u0130talyan Yazl\u0131k Sinemas\u0131 festivalinin d\u00f6rd\u00fcnc\u00fcs\u00fcn\u00fc sunarak Ankara halk\u0131na en yeni ve en ba\u015far\u0131l\u0131 \u0130talyan filmlerini izleme f\u0131rsat\u0131 sunuyor.<\/p>\n<p>\u0130talyan sinemas\u0131, b\u00fcy\u00fck bir canl\u0131l\u0131k ve yarat\u0131c\u0131l\u0131k d\u00f6nemine girerken, bir kez daha de\u011ferli bir anlat\u0131m ve ifade yetene\u011fine sahip oldu\u011funu kan\u0131tl\u0131yor. Uluslararas\u0131 sinema d\u00fcnyas\u0131n\u0131n geni\u015f panoramas\u0131nda, \u0130talya benzersiz ve ay\u0131rt edici karakteriyle \u00f6ne \u00e7\u0131k\u0131yor ve her seferinde bize unutulmaz ve sembolik y\u00fczler ve karakterler sunarken, \u00f6zg\u00fcn ve dikkatli bir bak\u0131\u015fla gelece\u011fi sorguluyor.<\/p>\n<p>\u0130yi seyirler!<\/p>\n<p>&nbsp;<\/p>\n<p>G\u00d6STER\u0130M TAKV\u0130M\u0130<\/p>\n<p>1 Temmuz (a\u00e7\u0131l\u0131\u015f) FRANK \u0130LE NINA\u2019NIN H\u0130KAYES\u0130, Paola Randi (2024)<\/p>\n<p>8 Temmuz A\u0130LES\u0130YLE 10 G\u00dcN, Alessandro Genovesi (2025)<\/p>\n<p>15 Temmuz HEY JOE, Claudio Giovannesi (2024)<\/p>\n<p>22 Temmuz \u0130DD\u0130A, Giovanni Dota (2024)<\/p>\n<p>29 Temmuz KAT\u0130L DOSTUM, Gianluca Santoni (2023)<\/p>\n<p>5 A\u011fustos KAZARA ARKADA\u015e, Max Nardari (2024)<\/p>\n<p>12 A\u011fustos SON KEZ \u00c7OCUK OLDU\u011eUMUZDA, Claudio Bisio (2023)<\/p>\n<p>19 A\u011fustos ARAMIZDAK\u0130 GER\u00c7EKLER, Gianluca Maria Tavarelli (2023)<\/p>\n<p>26 A\u011fustos ZAMORA, Neri Marcor\u00e8 (2023)<\/p>\n","protected":false},"excerpt":{"rendered":"Cermodern M\u00fczesinde \u0130talya B\u00fcy\u00fckel\u00e7ili\u011fi, her y\u0131l halk\u0131n b\u00fcy\u00fck ilgiyle bekledi\u011fi \u0130talyan Yazl\u0131k Sinemas\u0131 festivalinin d\u00f6rd\u00fcnc\u00fcs\u00fcn\u00fc sunarak Ankara halk\u0131na en yeni ve en ba\u015far\u0131l\u0131 \u0130talyan filmlerini izleme f\u0131rsat\u0131 sunuyor. \u0130talyan sinemas\u0131, b\u00fcy\u00fck bir canl\u0131l\u0131k ve yarat\u0131c\u0131l\u0131k d\u00f6nemine girerken, bir kez daha de\u011ferli bir anlat\u0131m ve ifade yetene\u011fine sahip oldu\u011funu kan\u0131tl\u0131yor. Uluslararas\u0131 sinema d\u00fcnyas\u0131n\u0131n geni\u015f panoramas\u0131nda, \u0130talya [&hellip;]","protected":false},"author":9,"featured_media":6444,"comment_status":"closed","ping_status":"closed","sticky":false,"template":"","format":"standard","meta":{"footnotes":""},"tags":[13],"class_list":["post-6463","post","type-post","status-publish","format-standard","has-post-thumbnail","hentry","tag-diplomazia-culturale"],"_links":{"self":[{"href":"https:\/\/ambankara.esteri.it\/tr\/wp-json\/wp\/v2\/posts\/6463","targetHints":{"allow":["GET"]}}],"collection":[{"href":"https:\/\/ambankara.esteri.it\/tr\/wp-json\/wp\/v2\/posts"}],"about":[{"href":"https:\/\/ambankara.esteri.it\/tr\/wp-json\/wp\/v2\/types\/post"}],"author":[{"embeddable":true,"href":"https:\/\/ambankara.esteri.it\/tr\/wp-json\/wp\/v2\/users\/9"}],"replies":[{"embeddable":true,"href":"https:\/\/ambankara.esteri.it\/tr\/wp-json\/wp\/v2\/comments?post=6463"}],"version-history":[{"count":2,"href":"https:\/\/ambankara.esteri.it\/tr\/wp-json\/wp\/v2\/posts\/6463\/revisions"}],"predecessor-version":[{"id":6474,"href":"https:\/\/ambankara.esteri.it\/tr\/wp-json\/wp\/v2\/posts\/6463\/revisions\/6474"}],"wp:featuredmedia":[{"embeddable":true,"href":"https:\/\/ambankara.esteri.it\/tr\/wp-json\/wp\/v2\/media\/6444"}],"wp:attachment":[{"href":"https:\/\/ambankara.esteri.it\/tr\/wp-json\/wp\/v2\/media?parent=6463"}],"wp:term":[{"taxonomy":"post_tag","embeddable":true,"href":"https:\/\/ambankara.esteri.it\/tr\/wp-json\/wp\/v2\/tags?post=6463"}],"curies":[{"name":"wp","href":"https:\/\/api.w.org\/{rel}","templated":true}]}}