{"id":6420,"date":"2025-06-11T16:39:36","date_gmt":"2025-06-11T14:39:36","guid":{"rendered":"https:\/\/ambankara.esteri.it\/?p=6420"},"modified":"2025-06-11T16:44:13","modified_gmt":"2025-06-11T14:44:13","slug":"cumhuriyet-bayrami-2025-kutlamasi","status":"publish","type":"post","link":"https:\/\/ambankara.esteri.it\/tr\/news\/dall_ambasciata\/2025\/06\/cumhuriyet-bayrami-2025-kutlamasi\/","title":{"rendered":"Cumhuriyet Bayram\u0131 2025 Kutlamas\u0131"},"content":{"rendered":"<p>\u0130talya&#8217;n\u0131n T\u00fcrkiye B\u00fcy\u00fckel\u00e7isi Giorgio Marrapodi&#8217;nin ev sahipli\u011finde Ankara&#8217;daki \u0130talya B\u00fcy\u00fckel\u00e7ili\u011fi yerle\u015fkesinde d\u00fczenlenen Cumhuriyet Bayram\u0131 resepsiyonuna 2 binden fazla ki\u015fi kat\u0131ld\u0131.<\/p>\n<p>Enogastronomi, sanayi, teknoloji, makine, motor, tasar\u0131m ve \u0130talyan ya\u015fam tarz\u0131 alanlar\u0131nda \u0130talyan m\u00fckemmeliyetini temsil eden say\u0131s\u0131z se\u00e7kin markan\u0131n stantlar\u0131n\u0131n yer ald\u0131\u011f\u0131, ger\u00e7ek bir \u201c\u0130talyan Kasabas\u0131\u201d g\u00f6r\u00fcn\u00fcm\u00fcne b\u00fcr\u00fcnen B\u00fcy\u00fckel\u00e7ilikte, T\u00fcrkiye\u2019nin \u00fcst d\u00fczey kurum temsilcileri ile diplomasi camias\u0131n\u0131n yan\u0131 s\u0131ra T\u00fcrkiye\u2019nin ekonomi, akademi, k\u00fclt\u00fcr, sanat ve bas\u0131n hayat\u0131n\u0131n \u00f6nde gelen isimleri bir araya geldi.<\/p>\n<p>Resepsiyonun onur konu\u011fu, Milli Savunma Bakan\u0131 Ya\u015far G\u00fcler oldu. Bakan, konu\u015fmas\u0131nda NATO \u00e7er\u00e7evesindeki sinerjiden ba\u015flayarak Akdeniz&#8217;den Afrika&#8217;ya, Balkanlar&#8217;dan Kafkaslar ve Ukrayna&#8217;ya uzanan alanda bar\u0131\u015f ve g\u00fcvenli\u011fe y\u00f6nelik ortak kararl\u0131 tutuma kadar ba\u015fta savunma alan\u0131ndaki i\u015f birli\u011fi olmak \u00fczere, \u0130talya ile T\u00fcrkiye aras\u0131ndaki ikili ili\u015fkilerin m\u00fckemmeliyetine vurgu yapt\u0131 ve T\u00fcrkiye\u2019nin, s\u00f6z konusu \u00e7at\u0131\u015fmal\u0131 alanlarda bar\u0131\u015f ve istikrar\u0131 sa\u011flama gayesiyle \u00e7al\u0131\u015ft\u0131\u011f\u0131n\u0131n alt\u0131n\u0131 \u00e7izdi. T\u00fcrk Silahl\u0131 Kuvvetleri&#8217;nin pilot e\u011fitimlerinde kulland\u0131\u011f\u0131 Leonardo \u00fcretimi sivil helikopterin B\u00fcy\u00fckel\u00e7ilik&#8217;te sergilenmesi de bu ortakl\u0131\u011f\u0131n sa\u011flaml\u0131\u011f\u0131n\u0131 bir kez daha hat\u0131rlatt\u0131.<\/p>\n<p>B\u00fcy\u00fckel\u00e7i Marrapodi, a\u00e7\u0131l\u0131\u015f konu\u015fmas\u0131nda, ge\u00e7ti\u011fimiz 29 Nisan&#8217;da Roma&#8217;da d\u00fczenlenen \u0130talya-T\u00fcrkiye 4. H\u00fck\u00fcmetleraras\u0131 Zirvesi&#8217;nin sonu\u00e7lar\u0131na dikkat \u00e7ekerek, Roma ile Ankara aras\u0131ndaki siyasi ili\u015fkilerin yo\u011funlu\u011funu ve bu ortakl\u0131\u011f\u0131n, Akdeniz&#8217;in ve kom\u015fu b\u00f6lgelerin g\u00fcvenli\u011fi i\u00e7in \u00e7al\u0131\u015fman\u0131n sorumlulu\u011funun bilincinde olan iki \u00fclke ve m\u00fcttefikler aras\u0131nda her d\u00fczeyde devam eden siyasi isti\u015farelere dayand\u0131\u011f\u0131n\u0131 vurgulad\u0131. B\u00fcy\u00fckel\u00e7i Marrapodi, iki halk aras\u0131ndaki derin dostlu\u011fu ve yak\u0131n zamanda ilk kez 32 milyar dolar\u0131 a\u015fan ticaret hacmiyle iki \u00fclke aras\u0131ndaki ekonomik ortakl\u0131\u011f\u0131n dinamizmini hat\u0131rlatt\u0131. B\u00fcy\u00fckel\u00e7i Marrapodi, bu ortakl\u0131\u011f\u0131n merkezinde, bu y\u0131l da Milli G\u00fcn kutlamalar\u0131na destek veren \u0130talyan-T\u00fcrk i\u015f d\u00fcnyas\u0131ndan 50&#8217;den fazla sponsorun ola\u011fan\u00fcst\u00fc \u00f6zverisinin yer ald\u0131\u011f\u0131n\u0131 belirtti. Sponsor \u015firketlerin temsilcilerine B\u00fcy\u00fckel\u00e7i Marrapodi ve Savunma Bakan\u0131 G\u00fcler\u2019in yan\u0131 s\u0131ra D\u0131\u015fi\u015fleri Bakan Yard\u0131mc\u0131s\u0131 Kemal Bozay ile kutlamalarda haz\u0131r bulunan \u00c7al\u0131\u015fma ve Sosyal G\u00fcvenlik Bakan Yard\u0131mc\u0131s\u0131 L\u00fctfihak Alpkan taraf\u0131ndan plaket verildi.<\/p>\n<p>Cumhuriyet Bayram\u0131 kutlamalar\u0131, \u015eef Helin Beys\u00fclen y\u00f6netimindeki Hacettepe \u00dcniversitesi Devlet Konservatuvar\u0131 Korosu&#8217;nun her iki \u00fclkenin milli mar\u015flar\u0131n\u0131 seslendirmesiyle ba\u015flad\u0131. Ak\u015fam saatlerinde iki ayr\u0131 sahnede \u0130talyan ve T\u00fcrk m\u00fczik gruplar\u0131 performans sergiledi. Bunlardan biri de caz \u00fc\u00e7l\u00fcs\u00fc \u201cAperitivo Italiano\u201d idi.<\/p>\n<p><a href=\"https:\/\/www.youtube.com\/watch?v=GKjNkogB6bE\">Video \u0130talyan Cumhuriyet Bayram\u0131 2025 \u2013 Ankara&#8217;daki \u0130talyan B\u00fcy\u00fckel\u00e7ili\u011fi \u2013 YouTube<\/a><\/p>\n","protected":false},"excerpt":{"rendered":"\u0130talya&#8217;n\u0131n T\u00fcrkiye B\u00fcy\u00fckel\u00e7isi Giorgio Marrapodi&#8217;nin ev sahipli\u011finde Ankara&#8217;daki \u0130talya B\u00fcy\u00fckel\u00e7ili\u011fi yerle\u015fkesinde d\u00fczenlenen Cumhuriyet Bayram\u0131 resepsiyonuna 2 binden fazla ki\u015fi kat\u0131ld\u0131. Enogastronomi, sanayi, teknoloji, makine, motor, tasar\u0131m ve \u0130talyan ya\u015fam tarz\u0131 alanlar\u0131nda \u0130talyan m\u00fckemmeliyetini temsil eden say\u0131s\u0131z se\u00e7kin markan\u0131n stantlar\u0131n\u0131n yer ald\u0131\u011f\u0131, ger\u00e7ek bir \u201c\u0130talyan Kasabas\u0131\u201d g\u00f6r\u00fcn\u00fcm\u00fcne b\u00fcr\u00fcnen B\u00fcy\u00fckel\u00e7ilikte, T\u00fcrkiye\u2019nin \u00fcst d\u00fczey kurum temsilcileri ile diplomasi [&hellip;]","protected":false},"author":9,"featured_media":6397,"comment_status":"closed","ping_status":"closed","sticky":false,"template":"","format":"standard","meta":{"footnotes":""},"tags":[],"class_list":["post-6420","post","type-post","status-publish","format-standard","has-post-thumbnail","hentry"],"_links":{"self":[{"href":"https:\/\/ambankara.esteri.it\/tr\/wp-json\/wp\/v2\/posts\/6420","targetHints":{"allow":["GET"]}}],"collection":[{"href":"https:\/\/ambankara.esteri.it\/tr\/wp-json\/wp\/v2\/posts"}],"about":[{"href":"https:\/\/ambankara.esteri.it\/tr\/wp-json\/wp\/v2\/types\/post"}],"author":[{"embeddable":true,"href":"https:\/\/ambankara.esteri.it\/tr\/wp-json\/wp\/v2\/users\/9"}],"replies":[{"embeddable":true,"href":"https:\/\/ambankara.esteri.it\/tr\/wp-json\/wp\/v2\/comments?post=6420"}],"version-history":[{"count":2,"href":"https:\/\/ambankara.esteri.it\/tr\/wp-json\/wp\/v2\/posts\/6420\/revisions"}],"predecessor-version":[{"id":6425,"href":"https:\/\/ambankara.esteri.it\/tr\/wp-json\/wp\/v2\/posts\/6420\/revisions\/6425"}],"wp:featuredmedia":[{"embeddable":true,"href":"https:\/\/ambankara.esteri.it\/tr\/wp-json\/wp\/v2\/media\/6397"}],"wp:attachment":[{"href":"https:\/\/ambankara.esteri.it\/tr\/wp-json\/wp\/v2\/media?parent=6420"}],"wp:term":[{"taxonomy":"post_tag","embeddable":true,"href":"https:\/\/ambankara.esteri.it\/tr\/wp-json\/wp\/v2\/tags?post=6420"}],"curies":[{"name":"wp","href":"https:\/\/api.w.org\/{rel}","templated":true}]}}