{"id":5775,"date":"2025-02-07T12:22:57","date_gmt":"2025-02-07T11:22:57","guid":{"rendered":"https:\/\/ambankara.esteri.it\/?p=5775"},"modified":"2025-02-07T13:28:00","modified_gmt":"2025-02-07T12:28:00","slug":"2025-2026-akademik-yili-trento-yuksek-lisans-burslari-basvurular-basladi-son-basvuru-tarihi-6-mart-2025-12-00-cet","status":"publish","type":"post","link":"https:\/\/ambankara.esteri.it\/tr\/news\/dall_ambasciata\/2025\/02\/2025-2026-akademik-yili-trento-yuksek-lisans-burslari-basvurular-basladi-son-basvuru-tarihi-6-mart-2025-12-00-cet\/","title":{"rendered":"2025-2026 AKADEM\u0130K YILI TRENTO Y\u00dcKSEK L\u0130SANS BURSLARI: Ba\u015fvurular ba\u015flad\u0131. Son ba\u015fvuru tarihi 6 Mart 2025, 12.00 CET."},"content":{"rendered":"<p>\u0130talya B\u00fcy\u00fckel\u00e7ili\u011fi, Trento \u00dcniversitesi&#8217;nin, <strong>2025-2026 Akademik Y\u0131l\u0131<\/strong> <strong>i\u00e7in Uluslararas\u0131 \u00c7al\u0131\u015fmalar Okulu taraf\u0131ndan sunulan iki \u0130ngilizce Y\u00fcksek Lisans program\u0131na <\/strong>y\u00f6nelik burs ba\u015fvurular\u0131n\u0131 a\u00e7t\u0131\u011f\u0131n\u0131 bildirmek ister <strong>(program detaylar\u0131n\u0131 a\u015fa\u011f\u0131da bulabilirsiniz).<\/strong> <strong>T\u00fcrk vatanda\u015flar\u0131 da ba\u015fvuruda bulunabilir.<\/strong><\/p>\n<p>AB d\u0131\u015f\u0131ndan ba\u015fvuracak adaylar\u0131n, 30,00\u20ac ba\u015fvuru \u00fccretini \u00f6deyerek <strong>6 Mart 2025 saat 12:00&#8217;ye (CET)<\/strong> kadar a\u015fa\u011f\u0131daki ba\u011flant\u0131dan <strong>\u00e7evrimi\u00e7i ba\u015fvuruyu<\/strong> tamamlamas\u0131 ve g\u00f6ndermesi gerekmektedir.<\/p>\n<p>Se\u00e7ilebilecek y\u00fcksek lisans programlar\u0131:<\/p>\n<ul>\n<li>Pisa Sant&#8217;Anna \u0130leri Ara\u015ft\u0131rmalar Okulu ile ortakla\u015fa d\u00fczenlenen <strong>Uluslararas\u0131 G\u00fcvenlik \u00c7al\u0131\u015fmalar\u0131 Y\u00fcksek Lisans\u0131 (MISS)<\/strong>.<\/li>\n<\/ul>\n<p>\u00d6ncelikle, <a href=\"https:\/\/corsi.unitn.it\/sites\/cds\/files\/2025-01\/call-for-admission-ms-miss-en-25-26.pdf\">kabul ko\u015fullar\u0131n\u0131 <\/a>dikkatlice okuyun ve \u015fartlara uyuyorsan\u0131z, <a href=\"https:\/\/webapps.unitn.it\/Apply\/en\/Web\/GoHome\/master\/Miss2025nonEU\">buradaki<\/a> prosed\u00fcr\u00fc izleyerek ba\u015fvurunuzu yap\u0131n.<\/p>\n<p>Y\u00fcksek Lisans hakk\u0131nda k\u0131sa \u00f6zet ve daha fazla bilgi i\u00e7in l\u00fctfen <a href=\"https:\/\/corsi.unitn.it\/en\/international-security-studies\/program\/admission-and-enrollment\">https:\/\/corsi.unitn.it\/en\/international-security-studies\/program\/admission-and-enrollment<\/a> sayfas\u0131n\u0131 ziyaret edin ve di\u011fer sorular\u0131n\u0131z i\u00e7in <a href=\"mailto:miss.sis@unitn.it\">miss.sis@unitn.it<\/a> adresine yazmaktan \u00e7ekinmeyin.<\/p>\n<ul>\n<li><strong>Avrupa ve Uluslararas\u0131 \u00c7al\u0131\u015fmalar Y\u00fcksek Lisans\u0131 (MEIS) <\/strong><\/li>\n<\/ul>\n<p>\u00d6ncelikle, <a href=\"https:\/\/corsi.unitn.it\/sites\/cds\/files\/2025-01\/call-for-admission-ms-meis-en-25-26.pdf\">kabul ko\u015fullar\u0131n\u0131<\/a> dikkatlice okuyun ve \u015fartlara uyuyorsan\u0131z <a href=\"https:\/\/webapps.unitn.it\/Apply\/en\/Web\/GoHome\/master\/Meis2025nonEU\">buradaki<\/a> prosed\u00fcr\u00fc izleyerek ba\u015fvurunuzu yap\u0131n.<\/p>\n<p>Y\u00fcksek Lisans hakk\u0131nda k\u0131sa \u00f6zet ve daha fazla bilgi i\u00e7in l\u00fctfen <a href=\"https:\/\/corsi.unitn.it\/en\/european-and-international-studies\/enrollment\/admission-and-enrollment\">https:\/\/corsi.unitn.it\/en\/european-and-international-studies\/enrollment\/admission-and-enrollment<\/a> sayfas\u0131n\u0131 ziyaret edin ve di\u011fer sorular\u0131n\u0131z i\u00e7in <a href=\"mailto:meis@sis.unitn.it\">meis@sis.unitn.it<\/a> adresine yazmaktan \u00e7ekinmeyin.<\/p>\n<p>&nbsp;<\/p>\n","protected":false},"excerpt":{"rendered":"\u0130talya B\u00fcy\u00fckel\u00e7ili\u011fi, Trento \u00dcniversitesi&#8217;nin, 2025-2026 Akademik Y\u0131l\u0131 i\u00e7in Uluslararas\u0131 \u00c7al\u0131\u015fmalar Okulu taraf\u0131ndan sunulan iki \u0130ngilizce Y\u00fcksek Lisans program\u0131na y\u00f6nelik burs ba\u015fvurular\u0131n\u0131 a\u00e7t\u0131\u011f\u0131n\u0131 bildirmek ister (program detaylar\u0131n\u0131 a\u015fa\u011f\u0131da bulabilirsiniz). T\u00fcrk vatanda\u015flar\u0131 da ba\u015fvuruda bulunabilir. AB d\u0131\u015f\u0131ndan ba\u015fvuracak adaylar\u0131n, 30,00\u20ac ba\u015fvuru \u00fccretini \u00f6deyerek 6 Mart 2025 saat 12:00&#8217;ye (CET) kadar a\u015fa\u011f\u0131daki ba\u011flant\u0131dan \u00e7evrimi\u00e7i ba\u015fvuruyu tamamlamas\u0131 ve g\u00f6ndermesi [&hellip;]","protected":false},"author":20,"featured_media":0,"comment_status":"closed","ping_status":"closed","sticky":false,"template":"","format":"standard","meta":{"footnotes":""},"tags":[],"class_list":["post-5775","post","type-post","status-publish","format-standard","hentry"],"_links":{"self":[{"href":"https:\/\/ambankara.esteri.it\/tr\/wp-json\/wp\/v2\/posts\/5775","targetHints":{"allow":["GET"]}}],"collection":[{"href":"https:\/\/ambankara.esteri.it\/tr\/wp-json\/wp\/v2\/posts"}],"about":[{"href":"https:\/\/ambankara.esteri.it\/tr\/wp-json\/wp\/v2\/types\/post"}],"author":[{"embeddable":true,"href":"https:\/\/ambankara.esteri.it\/tr\/wp-json\/wp\/v2\/users\/20"}],"replies":[{"embeddable":true,"href":"https:\/\/ambankara.esteri.it\/tr\/wp-json\/wp\/v2\/comments?post=5775"}],"version-history":[{"count":1,"href":"https:\/\/ambankara.esteri.it\/tr\/wp-json\/wp\/v2\/posts\/5775\/revisions"}],"predecessor-version":[{"id":5776,"href":"https:\/\/ambankara.esteri.it\/tr\/wp-json\/wp\/v2\/posts\/5775\/revisions\/5776"}],"wp:attachment":[{"href":"https:\/\/ambankara.esteri.it\/tr\/wp-json\/wp\/v2\/media?parent=5775"}],"wp:term":[{"taxonomy":"post_tag","embeddable":true,"href":"https:\/\/ambankara.esteri.it\/tr\/wp-json\/wp\/v2\/tags?post=5775"}],"curies":[{"name":"wp","href":"https:\/\/api.w.org\/{rel}","templated":true}]}}