{"id":571,"date":"2023-02-22T06:33:38","date_gmt":"2023-02-22T05:33:38","guid":{"rendered":"https:\/\/ambankara.esteri.it\/news\/dall_ambasciata\/2023\/02\/colloquio-telefonico-del-presidente-2\/"},"modified":"2023-02-22T06:33:38","modified_gmt":"2023-02-22T05:33:38","slug":"colloquio-telefonico-del-presidente-2","status":"publish","type":"post","link":"https:\/\/ambankara.esteri.it\/tr\/news\/dall_ambasciata\/2023\/02\/colloquio-telefonico-del-presidente-2\/","title":{"rendered":"Ba\u015fbakan Meloni ile Cumhurba\u015fkan\u0131 Erdo\u011fan aras\u0131nda telefon g\u00f6r\u00fc\u015fmesi  17 \u015eubat 2023"},"content":{"rendered":"<p>Ba\u015fbakan Giorgia Meloni bug\u00fcn T\u00fcrkiye Cumhuriyeti Cumhurba\u015fkan\u0131 Recep Tayyip Erdo\u011fan ile bir telefon g\u00f6r\u00fc\u015fmesi ger\u00e7ekle\u015ftirdi.<br \/>Ba\u015fbakan, T\u00fcrkiye ve Suriye\u2019yi etkileyen deprem trajedisi nedeniyle ki\u015fisel taziyelerini ve \u0130talyan h\u00fck\u00fcmeti ile halk\u0131n\u0131n dayan\u0131\u015fmas\u0131n\u0131 yineledi. Cumhurba\u015fkan\u0131 Erdo\u011fan, \u00f6zellikle \u0130talya\u2019n\u0131n sa\u011flad\u0131\u011f\u0131 insani yard\u0131m ve sahra hastanesinin \u00fczerinde durarak T\u00fcrkiye\u2019ye ve depremden etkilenen n\u00fcfusa destek i\u00e7in acilen harekete ge\u00e7mesinden dolay\u0131 derin \u015f\u00fckranlar\u0131n\u0131 dile getirdi. Ba\u015fbakan, t\u00fcm ulusun T\u00fcrkiye\u2019nin yan\u0131nda oldu\u011funu dile getirerek Avrupal\u0131 partnerlerle koordinasyon i\u00e7erisinde kurtarma ve yard\u0131m faaliyetlerine devam edilece\u011fi konusunda g\u00fcvence verdi.<\/p>\n","protected":false},"excerpt":{"rendered":"Ba\u015fbakan Giorgia Meloni bug\u00fcn T\u00fcrkiye Cumhuriyeti Cumhurba\u015fkan\u0131 Recep Tayyip Erdo\u011fan ile bir telefon g\u00f6r\u00fc\u015fmesi ger\u00e7ekle\u015ftirdi.Ba\u015fbakan, T\u00fcrkiye ve Suriye\u2019yi etkileyen deprem trajedisi nedeniyle ki\u015fisel taziyelerini ve \u0130talyan h\u00fck\u00fcmeti ile halk\u0131n\u0131n dayan\u0131\u015fmas\u0131n\u0131 yineledi. Cumhurba\u015fkan\u0131 Erdo\u011fan, \u00f6zellikle \u0130talya\u2019n\u0131n sa\u011flad\u0131\u011f\u0131 insani yard\u0131m ve sahra hastanesinin \u00fczerinde durarak T\u00fcrkiye\u2019ye ve depremden etkilenen n\u00fcfusa destek i\u00e7in acilen harekete ge\u00e7mesinden dolay\u0131 derin [&hellip;]","protected":false},"author":1,"featured_media":0,"comment_status":"","ping_status":"","sticky":false,"template":"","format":"standard","meta":{"footnotes":""},"tags":[],"class_list":["post-571","post","type-post","status-publish","format-standard","hentry"],"_links":{"self":[{"href":"https:\/\/ambankara.esteri.it\/tr\/wp-json\/wp\/v2\/posts\/571","targetHints":{"allow":["GET"]}}],"collection":[{"href":"https:\/\/ambankara.esteri.it\/tr\/wp-json\/wp\/v2\/posts"}],"about":[{"href":"https:\/\/ambankara.esteri.it\/tr\/wp-json\/wp\/v2\/types\/post"}],"author":[{"embeddable":true,"href":"https:\/\/ambankara.esteri.it\/tr\/wp-json\/wp\/v2\/users\/1"}],"replies":[{"embeddable":true,"href":"https:\/\/ambankara.esteri.it\/tr\/wp-json\/wp\/v2\/comments?post=571"}],"version-history":[{"count":0,"href":"https:\/\/ambankara.esteri.it\/tr\/wp-json\/wp\/v2\/posts\/571\/revisions"}],"wp:attachment":[{"href":"https:\/\/ambankara.esteri.it\/tr\/wp-json\/wp\/v2\/media?parent=571"}],"wp:term":[{"taxonomy":"post_tag","embeddable":true,"href":"https:\/\/ambankara.esteri.it\/tr\/wp-json\/wp\/v2\/tags?post=571"}],"curies":[{"name":"wp","href":"https:\/\/api.w.org\/{rel}","templated":true}]}}