{"id":5186,"date":"2024-11-06T11:48:23","date_gmt":"2024-11-06T10:48:23","guid":{"rendered":"https:\/\/ambankara.esteri.it\/?p=5186"},"modified":"2024-11-12T07:44:37","modified_gmt":"2024-11-12T06:44:37","slug":"italyan-mutfagi-haftasi","status":"publish","type":"post","link":"https:\/\/ambankara.esteri.it\/tr\/news\/dall_ambasciata\/2024\/11\/italyan-mutfagi-haftasi\/","title":{"rendered":"D\u00fcnyada \u0130talyan Mutfa\u011f\u0131 Haftas\u0131"},"content":{"rendered":"<p>Bu sene dokuzuncusunu ger\u00e7ekle\u015ftirece\u011fimiz D\u00fcnyada \u0130talyan Mutfa\u011f\u0131 Haftas\u0131 16-24 Kas\u0131m 2024 tarihleri \u200b\u200baras\u0131nda \u201cAkdeniz Diyeti ve Mutfak K\u00fclt\u00fcr\u00fcn\u00fcn K\u00f6kleri: Sa\u011fl\u0131k ve Gelenek\u201d ana temas\u0131yla kutlan\u0131yor.<\/p>\n<p>Ankara Program\u0131 ve kat\u0131l\u0131mc\u0131 mekanlar\u0131n bilgileri i\u00e7in ili\u015fikteki program\u0131 inceleyebilirsiniz.<\/p>\n","protected":false},"excerpt":{"rendered":"Bu sene dokuzuncusunu ger\u00e7ekle\u015ftirece\u011fimiz D\u00fcnyada \u0130talyan Mutfa\u011f\u0131 Haftas\u0131 16-24 Kas\u0131m 2024 tarihleri \u200b\u200baras\u0131nda \u201cAkdeniz Diyeti ve Mutfak K\u00fclt\u00fcr\u00fcn\u00fcn K\u00f6kleri: Sa\u011fl\u0131k ve Gelenek\u201d ana temas\u0131yla kutlan\u0131yor. Ankara Program\u0131 ve kat\u0131l\u0131mc\u0131 mekanlar\u0131n bilgileri i\u00e7in ili\u015fikteki program\u0131 inceleyebilirsiniz.","protected":false},"author":9,"featured_media":5182,"comment_status":"closed","ping_status":"closed","sticky":false,"template":"","format":"standard","meta":{"footnotes":""},"tags":[],"class_list":["post-5186","post","type-post","status-publish","format-standard","has-post-thumbnail","hentry"],"_links":{"self":[{"href":"https:\/\/ambankara.esteri.it\/tr\/wp-json\/wp\/v2\/posts\/5186","targetHints":{"allow":["GET"]}}],"collection":[{"href":"https:\/\/ambankara.esteri.it\/tr\/wp-json\/wp\/v2\/posts"}],"about":[{"href":"https:\/\/ambankara.esteri.it\/tr\/wp-json\/wp\/v2\/types\/post"}],"author":[{"embeddable":true,"href":"https:\/\/ambankara.esteri.it\/tr\/wp-json\/wp\/v2\/users\/9"}],"replies":[{"embeddable":true,"href":"https:\/\/ambankara.esteri.it\/tr\/wp-json\/wp\/v2\/comments?post=5186"}],"version-history":[{"count":2,"href":"https:\/\/ambankara.esteri.it\/tr\/wp-json\/wp\/v2\/posts\/5186\/revisions"}],"predecessor-version":[{"id":5192,"href":"https:\/\/ambankara.esteri.it\/tr\/wp-json\/wp\/v2\/posts\/5186\/revisions\/5192"}],"wp:featuredmedia":[{"embeddable":true,"href":"https:\/\/ambankara.esteri.it\/tr\/wp-json\/wp\/v2\/media\/5182"}],"wp:attachment":[{"href":"https:\/\/ambankara.esteri.it\/tr\/wp-json\/wp\/v2\/media?parent=5186"}],"wp:term":[{"taxonomy":"post_tag","embeddable":true,"href":"https:\/\/ambankara.esteri.it\/tr\/wp-json\/wp\/v2\/tags?post=5186"}],"curies":[{"name":"wp","href":"https:\/\/api.w.org\/{rel}","templated":true}]}}