{"id":2191,"date":"2023-11-25T15:31:10","date_gmt":"2023-11-25T14:31:10","guid":{"rendered":"https:\/\/ambankara.esteri.it\/?p=2191"},"modified":"2023-11-28T07:55:14","modified_gmt":"2023-11-28T06:55:14","slug":"25-kasim-kadina-yonelik-siddete-karsi-uluslararasi-mucadele-gunu","status":"publish","type":"post","link":"https:\/\/ambankara.esteri.it\/tr\/news\/dall_ambasciata\/2023\/11\/25-kasim-kadina-yonelik-siddete-karsi-uluslararasi-mucadele-gunu\/","title":{"rendered":"25 Kas\u0131m Kad\u0131na Y\u00f6nelik \u015eiddete Kar\u015f\u0131 Uluslararas\u0131 M\u00fccadele G\u00fcn\u00fc"},"content":{"rendered":"<p>(<em>\u0130talya D\u0131\u015fi\u015fleri ve Uluslararas\u0131 \u0130\u015fbirli\u011fi Bakanl\u0131\u011f\u0131n\u0131n web sitesinden al\u0131nt\u0131d\u0131r<\/em>)<\/p>\n<p>Ba\u015fbakan Yard\u0131mc\u0131s\u0131n\u0131n talimat\u0131yla Farnesina ve yurtd\u0131\u015f\u0131 a\u011f\u0131, sivil toplumla birlikte 16 g\u00fcn s\u00fcrecek etkinlikleri &#8216;Orange the World&#8217; kampanyas\u0131na kat\u0131l\u0131yor. &#8220;B\u0130RLE\u015e\u0130N! Kad\u0131nlara ve k\u0131z \u00e7ocuklar\u0131na y\u00f6nelik \u015fiddeti \u00f6nlemek i\u00e7in yat\u0131r\u0131m yap\u0131n&#8221; ba\u015fl\u0131kl\u0131 kampanya, toplumsal cinsiyete dayal\u0131 \u015fiddetle m\u00fccadeleye y\u00f6nelik yat\u0131r\u0131mlar\u0131n ve mali kaynaklar\u0131n te\u015fvik edilmesine odaklanmakta ve daha da iddial\u0131 bir hedef belirlemektedir: her ay\u0131n 25&#8217;ini &#8216;Turuncu G\u00fcn&#8217; ilan ederek kamuoyunun konuya olan ilgisini artt\u0131rmak ve s\u00fcrd\u00fcrmek.<\/p>\n<p>Kad\u0131nlar\u0131n ve k\u0131z \u00e7ocuklar\u0131n\u0131n savunmas\u0131zl\u0131\u011f\u0131, en \u00e7ok maruz kald\u0131klar\u0131 silahl\u0131 \u00e7at\u0131\u015fmalarda ve her t\u00fcrl\u00fc acil durumda daha da artmaktad\u0131r. Bu endi\u015fe verici veriler kar\u015f\u0131s\u0131nda \u0130talya, kad\u0131nlara y\u00f6nelik her t\u00fcrl\u00fc ayr\u0131mc\u0131l\u0131k ve \u015fiddeti en g\u00fc\u00e7l\u00fc \u015fekilde k\u0131nad\u0131\u011f\u0131n\u0131 bir kez daha ifade etmektedir.<\/p>\n<p>Kad\u0131na y\u00f6nelik \u015fiddetin ortadan kald\u0131r\u0131lmas\u0131 ve kad\u0131nlar\u0131n \u00f6zg\u00fcrle\u015fmesinin desteklenmesi \u0130talyan d\u0131\u015f politikas\u0131 ve kalk\u0131nma i\u015fbirli\u011finin temel unsurlar\u0131 aras\u0131nda yer almaktad\u0131r. \u0130talya&#8217;n\u0131n her zaman \u00f6n saflarda yer ald\u0131\u011f\u0131 kad\u0131n s\u00fcnneti ve erken ya\u015fta, zorla evliliklerin ortadan kald\u0131r\u0131lmas\u0131na y\u00f6nelik kampanyalar gibi \u00e7ok say\u0131da uluslararas\u0131 kampanya ve BM Kad\u0131n\u0131n Stat\u00fcs\u00fc Komisyonu&#8217;ndaki kararl\u0131l\u0131\u011f\u0131m\u0131z bunun kan\u0131t\u0131d\u0131r. Ayr\u0131ca BM Kad\u0131n, Bar\u0131\u015f ve G\u00fcvenlik G\u00fcndemi \u00e7er\u00e7evesinde \u0130talya, hem \u00e7at\u0131\u015fmalar\u0131n \u00f6nlenmesi ve \u00e7\u00f6z\u00fcm\u00fcnde hem de \u00e7at\u0131\u015fma sonras\u0131 yeniden yap\u0131lanmada kad\u0131nlar\u0131n rol\u00fcn\u00fcn artt\u0131r\u0131lmas\u0131na y\u00f6nelik giri\u015fimlerin te\u015fvik edilmesinde ve 2020-2024 D\u00f6rd\u00fcnc\u00fc Ulusal Eylem Plan\u0131 arac\u0131l\u0131\u011f\u0131yla uluslararas\u0131 toplumun \u00f6n saflar\u0131nda yer almaktad\u0131r.<\/p>\n<p>\u0130talya, UNIDO&#8217;nun MENA b\u00f6lgesindeki kad\u0131n giri\u015fimcili\u011fi f\u0131rsatlar\u0131n\u0131 desteklemeyi ama\u00e7layan programlar\u0131na kat\u0131lmaktad\u0131r ve Akdeniz Kad\u0131n Arabulucular A\u011f\u0131&#8217;n\u0131n yan\u0131 s\u0131ra Afrika Kalk\u0131nma Bankas\u0131&#8217;n\u0131n &#8220;Cinsiyet E\u015fitli\u011fi G\u00fcven Fonu &#8211; Afrika&#8217;daki Kad\u0131nlar i\u00e7in Olumlu Finans Eylemi (AFAWA) &#8220;nin gururlu destek\u00e7isidir.<\/p>\n<p>Toplumsal Cinsiyet E\u015fitli\u011fi ve Kad\u0131nlar\u0131n, K\u0131z \u00c7ocuklar\u0131n\u0131n ve \u00c7ocuklar\u0131n G\u00fc\u00e7lendirilmesine ili\u015fkin son \u0130talyan \u0130\u015fbirli\u011fi Rehberi, kad\u0131n, anne, cinsel sa\u011fl\u0131k ve \u00fcreme sa\u011fl\u0131\u011f\u0131ndan k\u0131z \u00e7ocuklar\u0131n\u0131n ve kad\u0131nlar\u0131n e\u011fitimine y\u00f6nelik programlar\u0131n desteklenmesine ve kad\u0131n giri\u015fimcili\u011finin geli\u015ftirilmesine y\u00f6nelik projelere kadar uzanan spesifik giri\u015fimler yoluyla taahh\u00fcd\u00fcm\u00fcz\u00fc daha da yo\u011funla\u015ft\u0131rmay\u0131 ama\u00e7lamaktad\u0131r.<\/p>\n<p>Uluslararas\u0131 d\u00fczeyde etkili politikalar\u0131n planlanmas\u0131 ve uygulanmas\u0131, 2030 G\u00fcndeminin S\u00fcrd\u00fcr\u00fclebilir Kalk\u0131nma Hedefi 5&#8217;in, 2020-2024 AB \u0130nsan Haklar\u0131 ve Demokrasi Eylem Plan\u0131n\u0131n ve 2020-2025 AB Toplumsal Cinsiyet E\u015fitli\u011fi Stratejisinin tam olarak hayata ge\u00e7irilmesi a\u00e7\u0131s\u0131ndan da b\u00fcy\u00fck \u00f6nem ta\u015f\u0131maktad\u0131r.<\/p>\n","protected":false},"excerpt":{"rendered":"(\u0130talya D\u0131\u015fi\u015fleri ve Uluslararas\u0131 \u0130\u015fbirli\u011fi Bakanl\u0131\u011f\u0131n\u0131n web sitesinden al\u0131nt\u0131d\u0131r) Ba\u015fbakan Yard\u0131mc\u0131s\u0131n\u0131n talimat\u0131yla Farnesina ve yurtd\u0131\u015f\u0131 a\u011f\u0131, sivil toplumla birlikte 16 g\u00fcn s\u00fcrecek etkinlikleri &#8216;Orange the World&#8217; kampanyas\u0131na kat\u0131l\u0131yor. &#8220;B\u0130RLE\u015e\u0130N! Kad\u0131nlara ve k\u0131z \u00e7ocuklar\u0131na y\u00f6nelik \u015fiddeti \u00f6nlemek i\u00e7in yat\u0131r\u0131m yap\u0131n&#8221; ba\u015fl\u0131kl\u0131 kampanya, toplumsal cinsiyete dayal\u0131 \u015fiddetle m\u00fccadeleye y\u00f6nelik yat\u0131r\u0131mlar\u0131n ve mali kaynaklar\u0131n te\u015fvik edilmesine odaklanmakta ve [&hellip;]","protected":false},"author":9,"featured_media":2212,"comment_status":"closed","ping_status":"closed","sticky":false,"template":"","format":"standard","meta":{"footnotes":""},"tags":[],"class_list":["post-2191","post","type-post","status-publish","format-standard","has-post-thumbnail","hentry"],"_links":{"self":[{"href":"https:\/\/ambankara.esteri.it\/tr\/wp-json\/wp\/v2\/posts\/2191","targetHints":{"allow":["GET"]}}],"collection":[{"href":"https:\/\/ambankara.esteri.it\/tr\/wp-json\/wp\/v2\/posts"}],"about":[{"href":"https:\/\/ambankara.esteri.it\/tr\/wp-json\/wp\/v2\/types\/post"}],"author":[{"embeddable":true,"href":"https:\/\/ambankara.esteri.it\/tr\/wp-json\/wp\/v2\/users\/9"}],"replies":[{"embeddable":true,"href":"https:\/\/ambankara.esteri.it\/tr\/wp-json\/wp\/v2\/comments?post=2191"}],"version-history":[{"count":2,"href":"https:\/\/ambankara.esteri.it\/tr\/wp-json\/wp\/v2\/posts\/2191\/revisions"}],"predecessor-version":[{"id":2195,"href":"https:\/\/ambankara.esteri.it\/tr\/wp-json\/wp\/v2\/posts\/2191\/revisions\/2195"}],"wp:featuredmedia":[{"embeddable":true,"href":"https:\/\/ambankara.esteri.it\/tr\/wp-json\/wp\/v2\/media\/2212"}],"wp:attachment":[{"href":"https:\/\/ambankara.esteri.it\/tr\/wp-json\/wp\/v2\/media?parent=2191"}],"wp:term":[{"taxonomy":"post_tag","embeddable":true,"href":"https:\/\/ambankara.esteri.it\/tr\/wp-json\/wp\/v2\/tags?post=2191"}],"curies":[{"name":"wp","href":"https:\/\/api.w.org\/{rel}","templated":true}]}}