{"id":865,"date":"2020-12-23T08:18:32","date_gmt":"2020-12-23T07:18:32","guid":{"rendered":"https:\/\/ambankara.esteri.it\/news\/dall_ambasciata\/2020\/12\/open-days-all-universita-di-bologna\/"},"modified":"2020-12-23T08:18:32","modified_gmt":"2020-12-23T07:18:32","slug":"open-days-all-universita-di-bologna","status":"publish","type":"post","link":"https:\/\/ambankara.esteri.it\/it\/news\/dall_ambasciata\/2020\/12\/open-days-all-universita-di-bologna\/","title":{"rendered":"Open Days all&#8217;Universit\u00e0 di Bologna"},"content":{"rendered":"<p style=\"text-align: justify;\">Dall&#8217; 1 al 5 febbraio 2021 si svolgeranno i <a href=\"http:\/\/www.openday.unibo.it\/\">Virtual Open Days <\/a>dell\u2019Universit\u00e0 di Bologna, dedicati all\u2019offerta formativa internazionale dell\u2019Universit\u00e0. Si terranno totalmente in lingua inglese. <a href=\"http:\/\/ambankara.esteri.it\/ambasciata_ankara\/resource\/doc\/2020\/12\/leaflet_virtual_open_days_2021.pdf\">Clicca qui per la locandina <\/a>dell\u2019evento.<\/p>\n<p style=\"text-align: justify;\">Durante le giornate gli studenti potranno:<br \/>\u2022 scoprire i corsi dell\u2019Universit\u00e0<br \/>\u2022 conoscerne le modalit\u00e0 di accesso<br \/>\u2022 informarsi su immatricolazione, borse di studio e servizi<br \/>\u2022 parlare con docenti e studenti<\/p>\n<p style=\"text-align: justify;\">Tutti gli studenti turchi interessati sono invitati all\u2019evento.<\/p>\n<p style=\"text-align: justify;\">L\u2019Universit\u00e0 di Bologna considera la dimensione internazionale come uno dei pilastri della sua mission. L\u2019Alma Mater \u00e8 infatti il\u202fprimo ateneo in Europa\u202fsia per il numero di studenti in partenza per un\u2019esperienza Erasmus (outgoing) che per il numero di studenti internazionali che scelgono l\u2019Alma Mater come destinazione (incoming). In accordo con il ranking GreenMetric, \u00e8 tra i primi dieci atenei al mondo per sostenibilit\u00e0 ambientale e si \u00e8 posizionato al sesto posto nella classifica mondiale del\u202fTimes Higher Education\u202f(THE)\u202fImpact Rankings, che valuta l\u2019impatto sociale e l\u2019impegno per lo sviluppo sostenibile degli atenei. Ha infine recentemente ottenuto dal network International Association of Universities\u202f(IAU) il\u202flabel\u202fdi eccellenza per aver sviluppato strategie innovative ed efficaci di internalizzazione.<\/p>\n<p style=\"text-align: justify;\">Per maggiori informazioni ci si pu\u00f2 rivolgere allo staff:<br \/>IRSS \u2013 International Relations Strategy Support Unit: <a href=\"mailto:irss@unibo.it\">irss@unibo.it<\/a>\u00a0 \/ <span class=\"baec5a81-e4d6-4674-97f3-e9220f0136c1\" style=\"white-space: nowrap;\">+39 051 2099965<a href=\"#\" style=\"margin: 0px; border: currentColor; left: 0px; top: 0px; width: 16px; height: 16px; right: 0px; bottom: 0px; overflow: hidden; vertical-align: middle; float: none; display: inline; white-space: nowrap; position: static !important;\" title=\"Chiama: +39 051 2099965\"><img decoding=\"async\" style=\"margin: 0px; border: currentColor; left: 0px; top: 0px; width: 16px; height: 16px; right: 0px; bottom: 0px; overflow: hidden; vertical-align: middle; float: none; display: inline; white-space: nowrap; position: static !important;\" title=\"Chiama: +39 051 2099965\" src=\"data:image\/png;base64,iVBORw0KGgoAAAANSUhEUgAAABAAAAAQCAYAAAAf8\/9hAAABcklEQVR4XpXTPUvDUBTH4aR2c2hBQXGpTiIORhBcBOvgYKf0Awi+4Ggr1MVPIIrYdnEpShddHIyLi6AVXVxsRRDRwbi4KNgu4lCIv8i\/i6QRDzycy+09555LqOl5nhEUptPoJe1iDHU8oYlrlDw79m4QEbSLPexzsIc8hDRm8YBjLpj4q8EgxQdab+MNd4ghhQ2adIc1+ORAFEnWWfTDRp7GDfImlsIavKALLuqoqMGUCs4wHtagiQ5uc8kDyCOBKlP1k78QNTOZnMXCQRxWsbjl6iuskV41SQG2Gj9rikvcR1WcgKFDBa1LOEUK56hqv8BUFV3SGWkVS9JQ6Dsv4wQ1DKMPORUvkm78BhdQMI1CTa5I0yrcwSFqFD+SZ7DQesIkCG5S\/JpkHYERQRmuNsrZ7Grc+Ef8\/Bcoslkfae8Wc7CUHZ++TuAEBj86pHntjaDKXllPy6PW\/gkKFaThwp\/K87N8hDcQTTKKFTioSxqB8Q2BNX5JtAljwgAAAABJRU5ErkJggg==\" alt=\"\" \/><\/a><\/span><\/p>\n","protected":false},"excerpt":{"rendered":"Dall&#8217; 1 al 5 febbraio 2021 si svolgeranno i Virtual Open Days dell\u2019Universit\u00e0 di Bologna, dedicati all\u2019offerta formativa internazionale dell\u2019Universit\u00e0. Si terranno totalmente in lingua inglese. Clicca qui per la locandina dell\u2019evento. Durante le giornate gli studenti potranno:\u2022 scoprire i corsi dell\u2019Universit\u00e0\u2022 conoscerne le modalit\u00e0 di accesso\u2022 informarsi su immatricolazione, borse di studio e servizi\u2022 [&hellip;]","protected":false},"author":1,"featured_media":0,"comment_status":"","ping_status":"","sticky":false,"template":"","format":"standard","meta":{"footnotes":""},"tags":[],"class_list":["post-865","post","type-post","status-publish","format-standard","hentry"],"_links":{"self":[{"href":"https:\/\/ambankara.esteri.it\/it\/wp-json\/wp\/v2\/posts\/865","targetHints":{"allow":["GET"]}}],"collection":[{"href":"https:\/\/ambankara.esteri.it\/it\/wp-json\/wp\/v2\/posts"}],"about":[{"href":"https:\/\/ambankara.esteri.it\/it\/wp-json\/wp\/v2\/types\/post"}],"author":[{"embeddable":true,"href":"https:\/\/ambankara.esteri.it\/it\/wp-json\/wp\/v2\/users\/1"}],"replies":[{"embeddable":true,"href":"https:\/\/ambankara.esteri.it\/it\/wp-json\/wp\/v2\/comments?post=865"}],"version-history":[{"count":0,"href":"https:\/\/ambankara.esteri.it\/it\/wp-json\/wp\/v2\/posts\/865\/revisions"}],"wp:attachment":[{"href":"https:\/\/ambankara.esteri.it\/it\/wp-json\/wp\/v2\/media?parent=865"}],"wp:term":[{"taxonomy":"post_tag","embeddable":true,"href":"https:\/\/ambankara.esteri.it\/it\/wp-json\/wp\/v2\/tags?post=865"}],"curies":[{"name":"wp","href":"https:\/\/api.w.org\/{rel}","templated":true}]}}