{"id":3704,"date":"2024-04-26T18:38:46","date_gmt":"2024-04-26T16:38:46","guid":{"rendered":"https:\/\/ambankara.esteri.it\/?p=3704"},"modified":"2024-04-29T19:52:42","modified_gmt":"2024-04-29T17:52:42","slug":"iniziative-civili-per-consegna-via-mare-aiuti-a-gaza","status":"publish","type":"post","link":"https:\/\/ambankara.esteri.it\/it\/news\/dall_ambasciata\/2024\/04\/iniziative-civili-per-consegna-via-mare-aiuti-a-gaza\/","title":{"rendered":"Iniziative civili per consegna via mare di aiuti a Gaza"},"content":{"rendered":"<p><strong>Nota pubblicata sul sito della Farnesina:<\/strong><\/p>\n<div class=\"entry-content\">\n<p><em>Sono attualmente segnalate iniziative promosse da singoli o gruppi volte a portare aiuti via mare direttamente nella Striscia di Gaza, forzando l\u2019attuale blocco navale esercitato da Israele. Tali iniziative non sono coordinate n\u00e9 con le agenzie ONU, n\u00e9 con Israele, n\u00e9 con il governo italiano o \u2013 a quanto risulta \u2013 altri governi ed organizzazioni internazionali.<\/em><\/p>\n<p><em>Il Ministero degli Affari Esteri e della Cooperazione Internazionale non ha alcun collegamento con tali iniziative, n\u00e9 \u00e8 coinvolto o sostiene alcuna raccolta fondi in tale ambito.<\/em><\/p>\n<p><em>La partecipazione \u00e8 del tutto sconsigliata n\u00e9 pu\u00f2 essere garantita assistenza diretta, poich\u00e9 l\u2019avvicinamento all\u2019area bellica presenta un concreto rischio di coinvolgimento in azioni militari.<\/em><\/p>\n<p><em>La Farnesina ha lanciato il Tavolo \u201cFood for Gaza\u201d in coordinamento con FAO, Programma Alimentare Mondiale (PAM) e Federazione Internazionale della Croce Rossa e della Mezzaluna Rossa per portare aiuti a Gaza in modo concordato e protetto.<\/em><\/p>\n<p><img loading=\"lazy\" decoding=\"async\" class=\"aligncenter size-full wp-image-3708 img-fluid\" src=\"https:\/\/ambankara.esteri.it\/wp-content\/uploads\/2024\/04\/MAECI-ambasciata-italia-V-IT-02-social-11-2.png\" alt=\"\" width=\"741\" height=\"684\" srcset=\"https:\/\/ambankara.esteri.it\/wp-content\/uploads\/2024\/04\/MAECI-ambasciata-italia-V-IT-02-social-11-2.png 741w, https:\/\/ambankara.esteri.it\/wp-content\/uploads\/2024\/04\/MAECI-ambasciata-italia-V-IT-02-social-11-2-300x277.png 300w\" sizes=\"auto, (max-width: 741px) 100vw, 741px\" \/><\/p>\n<\/div>\n","protected":false},"excerpt":{"rendered":"Nota pubblicata sul sito della Farnesina: Sono attualmente segnalate iniziative promosse da singoli o gruppi volte a portare aiuti via mare direttamente nella Striscia di Gaza, forzando l\u2019attuale blocco navale esercitato da Israele. Tali iniziative non sono coordinate n\u00e9 con le agenzie ONU, n\u00e9 con Israele, n\u00e9 con il governo italiano o \u2013 a quanto [&hellip;]","protected":false},"author":9,"featured_media":3708,"comment_status":"closed","ping_status":"closed","sticky":false,"template":"","format":"standard","meta":{"footnotes":""},"tags":[20],"class_list":["post-3704","post","type-post","status-publish","format-standard","has-post-thumbnail","hentry","tag-cooperazione-allo-sviluppo"],"_links":{"self":[{"href":"https:\/\/ambankara.esteri.it\/it\/wp-json\/wp\/v2\/posts\/3704","targetHints":{"allow":["GET"]}}],"collection":[{"href":"https:\/\/ambankara.esteri.it\/it\/wp-json\/wp\/v2\/posts"}],"about":[{"href":"https:\/\/ambankara.esteri.it\/it\/wp-json\/wp\/v2\/types\/post"}],"author":[{"embeddable":true,"href":"https:\/\/ambankara.esteri.it\/it\/wp-json\/wp\/v2\/users\/9"}],"replies":[{"embeddable":true,"href":"https:\/\/ambankara.esteri.it\/it\/wp-json\/wp\/v2\/comments?post=3704"}],"version-history":[{"count":3,"href":"https:\/\/ambankara.esteri.it\/it\/wp-json\/wp\/v2\/posts\/3704\/revisions"}],"predecessor-version":[{"id":3710,"href":"https:\/\/ambankara.esteri.it\/it\/wp-json\/wp\/v2\/posts\/3704\/revisions\/3710"}],"wp:featuredmedia":[{"embeddable":true,"href":"https:\/\/ambankara.esteri.it\/it\/wp-json\/wp\/v2\/media\/3708"}],"wp:attachment":[{"href":"https:\/\/ambankara.esteri.it\/it\/wp-json\/wp\/v2\/media?parent=3704"}],"wp:term":[{"taxonomy":"post_tag","embeddable":true,"href":"https:\/\/ambankara.esteri.it\/it\/wp-json\/wp\/v2\/tags?post=3704"}],"curies":[{"name":"wp","href":"https:\/\/api.w.org\/{rel}","templated":true}]}}